{"id":6577,"date":"2026-04-23T11:02:47","date_gmt":"2026-04-23T11:02:47","guid":{"rendered":"https:\/\/gthr.pl\/?p=6577"},"modified":"2026-04-27T11:03:21","modified_gmt":"2026-04-27T11:03:21","slug":"v-edycja-zmigrodove-planet-love-juz-za-nami","status":"publish","type":"post","link":"https:\/\/gthr.pl\/pl\/v-edycja-zmigrodove-planet-love-juz-za-nami\/","title":{"rendered":"V edycja \u017bmigrodove Planet Love ju\u017c za nami!\u00a0"},"content":{"rendered":"\n<p>\u015awiatowy Dzie\u0144 Ziemi (22 kwietnia) to dla nas zawsze sygna\u0142 do dzia\u0142ania. Kolejny raz spotkali\u015bmy si\u0119, by wsp\u00f3lnie zadba\u0107 o nasz\u0105 okolic\u0119 \u2013 i by\u0142o rewelacyjnie!<\/p>\n\n\n\n<p>Po raz czwarty do\u0142\u0105czyli\u015bmy do akcji \u201e\u017bmigrodove Planet Love\u201d, zorganizowanej wsp\u00f3lnie z Towarzystwem Mi\u0142o\u015bnik\u00f3w Ziemi \u017bmigrodzkiej. Inicjatorem i dusz\u0105 tego wydarzenia by\u0142 jeden z naszych pracownik\u00f3w \u2013 Patryk Andrzejewski. Dzi\u0119ki jego pasji i zaanga\u017cowaniu w minion\u0105 sobot\u0119 a\u017c 50 os\u00f3b porz\u0105dkowa\u0142o Ogrody Bior\u00f3\u017cnorodno\u015bci, \u015bcie\u017cki rowerowe, brzegi rzeki S\u0105siecznicy oraz tereny wzd\u0142u\u017c linii kolejowej w \u017bmigrodzie. Zwie\u0144czeniem by\u0142o posadzenie pami\u0105tkowego d\u0119ba \u2013 symbolu naszej troski o przysz\u0142o\u015b\u0107.<\/p>\n\n\n\n<p><em>&#8211; To nie tylko sprz\u0105tanie \u015bmieci \u2013 to wa\u017cne wydarzenie, kt\u00f3re buduje mosty mi\u0119dzy nasz\u0105 firm\u0105 a lokaln\u0105 spo\u0142eczno\u015bci\u0105. Pokazuje, jak wsp\u00f3lne dzia\u0142ania mog\u0105 realnie chroni\u0107 \u015brodowisko, inspirowa\u0107 m\u0142odych ludzi i wzmacnia\u0107 nasz\u0105 odpowiedzialno\u015b\u0107 za planet\u0119 na co dzie\u0144<\/em>&nbsp;\u2013 m\u00f3wi Patryk Andrzejewski, inicjator akcji.<\/p>\n\n\n\n<p>Wspaniale spisali si\u0119 wszyscy, zw\u0142aszcza harcerze z 80. \u017bmigrodzkiej Gromady Zuchowej &#8222;Hakuna Matata&#8221; i 3. Wielopoziomowej Dru\u017cyny Harcerskiej \u201eWatra\u201d \u2013 z zapa\u0142em i u\u015bmiechem uprz\u0105tali odpady, nie oszcz\u0119dzaj\u0105c si\u0142.<\/p>\n\n\n\n<p>Takie wsp\u00f3lne dzia\u0142ania buduj\u0105 \u015bwiadomo\u015b\u0107 ekologiczn\u0105 od najm\u0142odszych lat. Zebrali\u015bmy tony \u015bmieci, chroni\u0105c gleb\u0119, wody i powietrze \u2013 czyste otoczenie to zdrowsze \u015brodowisko dla nas wszystkich.<\/p>\n\n\n\n<p>Jeste\u015bmy dumni z tej wsp\u00f3\u0142pracy \u2013 dzi\u0119kujemy za zaanga\u017cowanie i do zobaczenia w kolejnej edycji!<\/p>\n\n\n\n<p><\/p>\n","protected":false},"excerpt":{"rendered":"<p>\u015awiatowy Dzie\u0144 Ziemi (22 kwietnia) to dla nas zawsze sygna\u0142 do dzia\u0142ania. Kolejny raz spotkali\u015bmy si\u0119, by wsp\u00f3lnie zadba\u0107 o nasz\u0105 okolic\u0119 \u2013 i by\u0142o rewelacyjnie! Po raz czwarty do\u0142\u0105czyli\u015bmy do akcji \u201e\u017bmigrodove Planet Love\u201d, zorganizowanej wsp\u00f3lnie z Towarzystwem Mi\u0142o\u015bnik\u00f3w Ziemi \u017bmigrodzkiej. Inicjatorem i dusz\u0105 tego wydarzenia by\u0142 jeden z naszych pracownik\u00f3w \u2013 Patryk Andrzejewski. Dzi\u0119ki jego pasji i zaanga\u017cowaniu w minion\u0105 sobot\u0119 a\u017c 50 os\u00f3b porz\u0105dkowa\u0142o Ogrody Bior\u00f3\u017cnorodno\u015bci, \u015bcie\u017cki rowerowe, brzegi rzeki S\u0105siecznicy oraz tereny wzd\u0142u\u017c linii kolejowej w \u017bmigrodzie. Zwie\u0144czeniem by\u0142o posadzenie pami\u0105tkowego d\u0119ba \u2013 symbolu naszej troski o przysz\u0142o\u015b\u0107. &#8211; To nie tylko sprz\u0105tanie \u015bmieci \u2013 to wa\u017cne wydarzenie, kt\u00f3re buduje mosty mi\u0119dzy nasz\u0105 firm\u0105 a lokaln\u0105 spo\u0142eczno\u015bci\u0105. Pokazuje, jak wsp\u00f3lne dzia\u0142ania mog\u0105 realnie chroni\u0107 \u015brodowisko, inspirowa\u0107 m\u0142odych ludzi i wzmacnia\u0107 nasz\u0105 odpowiedzialno\u015b\u0107 za planet\u0119 na co dzie\u0144&nbsp;\u2013 m\u00f3wi Patryk Andrzejewski, inicjator akcji. Wspaniale spisali si\u0119 wszyscy, zw\u0142aszcza harcerze z 80. \u017bmigrodzkiej Gromady Zuchowej &#8222;Hakuna Matata&#8221; i 3. Wielopoziomowej Dru\u017cyny Harcerskiej \u201eWatra\u201d \u2013 z zapa\u0142em i u\u015bmiechem uprz\u0105tali odpady, nie oszcz\u0119dzaj\u0105c si\u0142. Takie wsp\u00f3lne dzia\u0142ania buduj\u0105 \u015bwiadomo\u015b\u0107 ekologiczn\u0105 od najm\u0142odszych lat. Zebrali\u015bmy tony \u015bmieci, chroni\u0105c gleb\u0119, wody i powietrze \u2013 czyste otoczenie to zdrowsze \u015brodowisko dla nas wszystkich. Jeste\u015bmy dumni z tej wsp\u00f3\u0142pracy \u2013 dzi\u0119kujemy za zaanga\u017cowanie i do zobaczenia w kolejnej edycji!<\/p>\n","protected":false},"author":2,"featured_media":6578,"comment_status":"closed","ping_status":"closed","sticky":false,"template":"","format":"standard","meta":{"_eb_attr":"","inline_featured_image":false,"footnotes":""},"categories":[8],"tags":[],"class_list":["post-6577","post","type-post","status-publish","format-standard","has-post-thumbnail","hentry","category-bez-kategorii"],"_links":{"self":[{"href":"https:\/\/gthr.pl\/pl\/wp-json\/wp\/v2\/posts\/6577","targetHints":{"allow":["GET"]}}],"collection":[{"href":"https:\/\/gthr.pl\/pl\/wp-json\/wp\/v2\/posts"}],"about":[{"href":"https:\/\/gthr.pl\/pl\/wp-json\/wp\/v2\/types\/post"}],"author":[{"embeddable":true,"href":"https:\/\/gthr.pl\/pl\/wp-json\/wp\/v2\/users\/2"}],"replies":[{"embeddable":true,"href":"https:\/\/gthr.pl\/pl\/wp-json\/wp\/v2\/comments?post=6577"}],"version-history":[{"count":1,"href":"https:\/\/gthr.pl\/pl\/wp-json\/wp\/v2\/posts\/6577\/revisions"}],"predecessor-version":[{"id":6579,"href":"https:\/\/gthr.pl\/pl\/wp-json\/wp\/v2\/posts\/6577\/revisions\/6579"}],"wp:featuredmedia":[{"embeddable":true,"href":"https:\/\/gthr.pl\/pl\/wp-json\/wp\/v2\/media\/6578"}],"wp:attachment":[{"href":"https:\/\/gthr.pl\/pl\/wp-json\/wp\/v2\/media?parent=6577"}],"wp:term":[{"taxonomy":"category","embeddable":true,"href":"https:\/\/gthr.pl\/pl\/wp-json\/wp\/v2\/categories?post=6577"},{"taxonomy":"post_tag","embeddable":true,"href":"https:\/\/gthr.pl\/pl\/wp-json\/wp\/v2\/tags?post=6577"}],"curies":[{"name":"wp","href":"https:\/\/api.w.org\/{rel}","templated":true}]}}